{"id":797,"date":"2024-11-17T14:59:43","date_gmt":"2024-11-17T14:59:43","guid":{"rendered":"https:\/\/latinzona.hu\/?p=797"},"modified":"2024-11-17T14:59:45","modified_gmt":"2024-11-17T14:59:45","slug":"az-egyik-legkomolyabb-bunda-lehet-minden-idok-egyik-legtrukkosebb-tizenegyese","status":"publish","type":"post","link":"https:\/\/latinzona.hu\/index.php\/2024\/11\/17\/az-egyik-legkomolyabb-bunda-lehet-minden-idok-egyik-legtrukkosebb-tizenegyese\/","title":{"rendered":"Minden id\u0151k egyik legtr\u00fckk\u00f6sebb tizenegyese Kolumbi\u00e1ban"},"content":{"rendered":"\n<p>Miel\u0151tt r\u00e1t\u00e9r\u00fcnk mai \u00edr\u00e1sunk f\u0151 t\u00e9m\u00e1j\u00e1ra, n\u00e9h\u00e1ny sz\u00f3ban \u00e9rdemes elmagyar\u00e1zni, hogyan m\u0171k\u00f6dik a kolumbiai labdar\u00fag\u00f3-bajnoks\u00e1g els\u0151oszt\u00e1lya. <strong>Az els\u0151 oszt\u00e1lyban aktu\u00e1lisan 20 csapat szerepel, akik \u00e9vente k\u00e9t torn\u00e1t j\u00e1tszanak (Apertura \u00e9s Clausura). Mindk\u00e9t torna h\u00e1rom l\u00e9pcs\u0151ben ker\u00fcl lebonyol\u00edt\u00e1sra.<\/strong> Az els\u0151 szakaszban minden csapat j\u00e1tszik a m\u00e1sikkal egyet. Ez 19 m\u00e9rk\u0151z\u00e9s. A legjobb nyolc csapat innen tov\u00e1bbjut a m\u00e1sodik k\u00f6rbe, ahol k\u00e9t n\u00e9gycsapatos csoportban mennek tov\u00e1bb a k\u00fczdelmek. <\/p>\n\n\n\n<p>Mindenki k\u00e9tszer j\u00e1tszik mindenkivel, majd a k\u00e9t csoportgy\u0151ztes bejut a d\u00f6nt\u0151be. A kies\u00e9s is \u00e9rdekes, hiszen mindig az els\u0151 k\u00f6rben legkevesebb pontot szerz\u0151 csapatokat n\u00e9zik, de \u00fagy, hogy a h\u00e1rom egym\u00e1st k\u00f6vet\u0151 \u00e9v \u00e1tlagosan legkevesebb pontot szerz\u0151 k\u00e9t csapata esik ki. \u00cdgy lehet az, hogy valaki id\u00e9n utols\u00f3 lesz, de mivel az el\u0151z\u0151 \u00e9vekben jobban teljes\u00edtett, m\u00e9gis bentmarad. M\u00e9g egy fontos t\u00e9nyez\u0151 van, ez pedig a l\u00e1thatatlan pont. Ezt a l\u00e1thatatlan pontot az els\u0151 k\u00f6rben k\u00e9t legjobb helyen z\u00e1r\u00f3 csapat kapja. <\/p>\n\n\n\n<figure class=\"wp-block-image size-large\"><img loading=\"lazy\" width=\"1024\" height=\"665\" src=\"https:\/\/latinzona.hu\/wp-content\/uploads\/2024\/11\/cacli-1024x665.jpg\" alt=\"\" class=\"wp-image-799\" srcset=\"https:\/\/latinzona.hu\/wp-content\/uploads\/2024\/11\/cacli-1024x665.jpg 1024w, https:\/\/latinzona.hu\/wp-content\/uploads\/2024\/11\/cacli-300x195.jpg 300w, https:\/\/latinzona.hu\/wp-content\/uploads\/2024\/11\/cacli-768x499.jpg 768w, https:\/\/latinzona.hu\/wp-content\/uploads\/2024\/11\/cacli.jpg 1035w\" sizes=\"(max-width: 1024px) 100vw, 1024px\" \/><\/figure>\n\n\n\n<p>A l\u00e1thatlan pont pedig a m\u00e1sodik k\u00f6rben, a csoportk\u00f6rben jelent \u00e9rt\u00e9ket. Ugyanis a d\u00f6nt\u0151be jut\u00e1s\u00e9rt pontegyenl\u0151s\u00e9g eset\u00e9n a l\u00e1thatatlan pont fel\u00fcl\u00edr mindent, teh\u00e1t g\u00f3lk\u00fcl\u00f6nbs\u00e9get \u00e9s egym\u00e1s elleni eredm\u00e9nyt is. Ez\u00e9rt \u00e9rdemes teh\u00e1t az els\u0151 k\u00f6rben az els\u0151 k\u00e9t helyez\u00e9s\u00e9rt hajtani. <\/p>\n\n\n\n<h2>T\u00e9nyleg ez volt minden id\u0151k legtr\u00fckk\u00f6sebb tizenegyese?<\/h2>\n\n\n\n<p>Ennek t\u00fckr\u00e9ben kell \u00e9rt\u00e9kelni a <a href=\"https:\/\/x.com\/SaqueAmargoX\/status\/1857933203979272512\">mostani h\u00edrt<\/a>, amely egy\u00e9bk\u00e9nt az egyik legtr\u00fckk\u00f6sebb bunda lehet a <a href=\"https:\/\/latinzona.hu\/index.php\/2021\/10\/31\/ki-olte-meg-andres-escobart-es-mi-lett-vele\/\">kolumbiai foci t\u00f6rt\u00e9net\u00e9ben<\/a>. Az utols\u00f3, 19. fordul\u00f3t rendezt\u00e9k nemr\u00e9g a 2024\/2025-\u00f6s Clausur\u00e1ban. A fordul\u00f3 el\u0151tt komoly harc volt az els\u0151 k\u00e9t hely\u00e9rt a Santa Fe, az Am\u00e9rica Cali \u00e9s a Millonarios k\u00f6z\u00f6tt. <strong>A 85. percben a saj\u00e1t meccs\u00e9n az Am\u00e9rica de Cali 1-0-ra vezetett az Once Caldas ellen, amikor a vend\u00e9gek b\u00fcntet\u0151h\u00f6z jutottak. Ugye csak egy gy\u0151zelem biztos\u00edthatta volna a m\u00e1sodik helyet a Cali sz\u00e1m\u00e1ra, ami a l\u00e1thatatlan pont el\u0151ny\u00e9t jelentette volna sz\u00e1mukra. <\/strong>A tizenegyesn\u00e9l azonban furcsa dolog t\u00f6rt\u00e9nt, ami vit\u00e1t v\u00e1ltott ki a szurkol\u00f3k k\u00f6z\u00f6tt, \u00e9s m\u00e9g a sz\u00f6vets\u00e9g is vizsg\u00e1l\u00f3dik. Az Once Caldas csat\u00e1ra, Roger Torres a b\u00fcntet\u0151 elv\u00e9gz\u00e9se el\u0151tt ugyanis a fej\u00e9vel jelezte a kapus Jorge Soto sz\u00e1m\u00e1ra, hogy hova fogja r\u00fagni a b\u00fcntet\u0151t. <\/p>\n\n\n\n<figure class=\"wp-block-image size-large\"><img loading=\"lazy\" width=\"900\" height=\"665\" src=\"https:\/\/latinzona.hu\/wp-content\/uploads\/2024\/11\/jelzes.jpg\" alt=\"\" class=\"wp-image-798\" srcset=\"https:\/\/latinzona.hu\/wp-content\/uploads\/2024\/11\/jelzes.jpg 900w, https:\/\/latinzona.hu\/wp-content\/uploads\/2024\/11\/jelzes-300x222.jpg 300w, https:\/\/latinzona.hu\/wp-content\/uploads\/2024\/11\/jelzes-768x567.jpg 768w, https:\/\/latinzona.hu\/wp-content\/uploads\/2024\/11\/jelzes-80x60.jpg 80w\" sizes=\"(max-width: 900px) 100vw, 900px\" \/><\/figure>\n\n\n\n<p>\u00c9s t\u00e9nyleg oda is r\u00fagta, a kapus pedig kiv\u00e9dte. Innen pedig azt\u00e1n v\u00e9g\u00fcl sim\u00e1n beh\u00fazta a hazai csapat a gy\u0151zelmet \u00e9s a m\u00e1sodik helyet. \u00c9s hogy m\u00e9g fokozzuk az izgalmakat, a kapushoz \u00f6r\u00f6m\u00fckben odafut\u00f3 j\u00e1t\u00e9kosok k\u00f6z\u00fcl t\u00f6bb k\u00e9zzel meg is \u00e9rintette a kapus kez\u00e9ben l\u00e9v\u0151 labd\u00e1t. Ez\u00e9rt pedig meg kellett volna ism\u00e9telni a b\u00fcntet\u0151t. Vajon t\u00e9nyleg ez volt minden id\u0151k legtr\u00fckk\u00f6sebb tizenegyese?<\/p>\n","protected":false},"excerpt":{"rendered":"<div class=\"mh-excerpt\"><p>Miel\u0151tt r\u00e1t\u00e9r\u00fcnk mai \u00edr\u00e1sunk f\u0151 t\u00e9m\u00e1j\u00e1ra, n\u00e9h\u00e1ny sz\u00f3ban \u00e9rdemes elmagyar\u00e1zni, hogyan m\u0171k\u00f6dik a kolumbiai labdar\u00fag\u00f3-bajnoks\u00e1g els\u0151oszt\u00e1lya. Az els\u0151 oszt\u00e1lyban aktu\u00e1lisan 20 csapat szerepel, akik \u00e9vente <a class=\"mh-excerpt-more\" href=\"https:\/\/latinzona.hu\/index.php\/2024\/11\/17\/az-egyik-legkomolyabb-bunda-lehet-minden-idok-egyik-legtrukkosebb-tizenegyese\/\" title=\"Minden id\u0151k egyik legtr\u00fckk\u00f6sebb tizenegyese Kolumbi\u00e1ban\">[&#8230;]<\/a><\/p>\n<\/div>","protected":false},"author":1,"featured_media":800,"comment_status":"open","ping_status":"open","sticky":false,"template":"","format":"standard","meta":[],"categories":[31],"tags":[32,53],"yoast_head":"<!-- This site is optimized with the Yoast SEO plugin v15.5 - https:\/\/yoast.com\/wordpress\/plugins\/seo\/ -->\n<title>Minden id\u0151k egyik legtr\u00fckk\u00f6sebb tizenegyese Kolumbi\u00e1ban - Latin Z\u00f3na<\/title>\n<meta name=\"description\" content=\"Minden id\u0151k egyik legtr\u00fckk\u00f6sebb tizenegyese mehetett le Kolumbi\u00e1ban a Clausura els\u0151 szakasz\u00e1nak utols\u00f3 fordul\u00f3j\u00e1ban.\" \/>\n<meta name=\"robots\" content=\"index, follow, max-snippet:-1, max-image-preview:large, max-video-preview:-1\" \/>\n<link rel=\"canonical\" href=\"https:\/\/latinzona.hu\/index.php\/2024\/11\/17\/az-egyik-legkomolyabb-bunda-lehet-minden-idok-egyik-legtrukkosebb-tizenegyese\/\" \/>\n<meta property=\"og:locale\" content=\"hu_HU\" \/>\n<meta property=\"og:type\" content=\"article\" \/>\n<meta property=\"og:title\" content=\"Minden id\u0151k egyik legtr\u00fckk\u00f6sebb tizenegyese Kolumbi\u00e1ban - Latin Z\u00f3na\" \/>\n<meta property=\"og:description\" content=\"Minden id\u0151k egyik legtr\u00fckk\u00f6sebb tizenegyese mehetett le Kolumbi\u00e1ban a Clausura els\u0151 szakasz\u00e1nak utols\u00f3 fordul\u00f3j\u00e1ban.\" \/>\n<meta property=\"og:url\" content=\"https:\/\/latinzona.hu\/index.php\/2024\/11\/17\/az-egyik-legkomolyabb-bunda-lehet-minden-idok-egyik-legtrukkosebb-tizenegyese\/\" \/>\n<meta property=\"og:site_name\" content=\"Latin Z\u00f3na\" \/>\n<meta property=\"article:published_time\" content=\"2024-11-17T14:59:43+00:00\" \/>\n<meta property=\"article:modified_time\" content=\"2024-11-17T14:59:45+00:00\" \/>\n<meta property=\"og:image\" content=\"https:\/\/latinzona.hu\/wp-content\/uploads\/2024\/11\/hamos-scaled.jpg\" \/>\n\t<meta property=\"og:image:width\" content=\"2560\" \/>\n\t<meta property=\"og:image:height\" content=\"1440\" \/>\n<meta name=\"twitter:card\" content=\"summary_large_image\" \/>\n<meta name=\"twitter:label1\" content=\"Becs\u00fclt olvas\u00e1si id\u0151\">\n\t<meta name=\"twitter:data1\" content=\"2 perc\">\n<script type=\"application\/ld+json\" class=\"yoast-schema-graph\">{\"@context\":\"https:\/\/schema.org\",\"@graph\":[{\"@type\":\"WebSite\",\"@id\":\"https:\/\/latinzona.hu\/#website\",\"url\":\"https:\/\/latinzona.hu\/\",\"name\":\"Latin Z\\u00f3na\",\"description\":\"Mi D\\u00e9lre is figyel\\u00fcnk...\",\"potentialAction\":[{\"@type\":\"SearchAction\",\"target\":\"https:\/\/latinzona.hu\/?s={search_term_string}\",\"query-input\":\"required name=search_term_string\"}],\"inLanguage\":\"hu\"},{\"@type\":\"ImageObject\",\"@id\":\"https:\/\/latinzona.hu\/index.php\/2024\/11\/17\/az-egyik-legkomolyabb-bunda-lehet-minden-idok-egyik-legtrukkosebb-tizenegyese\/#primaryimage\",\"inLanguage\":\"hu\",\"url\":\"https:\/\/latinzona.hu\/wp-content\/uploads\/2024\/11\/hamos-scaled.jpg\",\"width\":2560,\"height\":1440},{\"@type\":\"WebPage\",\"@id\":\"https:\/\/latinzona.hu\/index.php\/2024\/11\/17\/az-egyik-legkomolyabb-bunda-lehet-minden-idok-egyik-legtrukkosebb-tizenegyese\/#webpage\",\"url\":\"https:\/\/latinzona.hu\/index.php\/2024\/11\/17\/az-egyik-legkomolyabb-bunda-lehet-minden-idok-egyik-legtrukkosebb-tizenegyese\/\",\"name\":\"Minden id\\u0151k egyik legtr\\u00fckk\\u00f6sebb tizenegyese Kolumbi\\u00e1ban - Latin Z\\u00f3na\",\"isPartOf\":{\"@id\":\"https:\/\/latinzona.hu\/#website\"},\"primaryImageOfPage\":{\"@id\":\"https:\/\/latinzona.hu\/index.php\/2024\/11\/17\/az-egyik-legkomolyabb-bunda-lehet-minden-idok-egyik-legtrukkosebb-tizenegyese\/#primaryimage\"},\"datePublished\":\"2024-11-17T14:59:43+00:00\",\"dateModified\":\"2024-11-17T14:59:45+00:00\",\"author\":{\"@id\":\"https:\/\/latinzona.hu\/#\/schema\/person\/de64af94bc35db4973955a05f752bd2d\"},\"description\":\"Minden id\\u0151k egyik legtr\\u00fckk\\u00f6sebb tizenegyese mehetett le Kolumbi\\u00e1ban a Clausura els\\u0151 szakasz\\u00e1nak utols\\u00f3 fordul\\u00f3j\\u00e1ban.\",\"inLanguage\":\"hu\",\"potentialAction\":[{\"@type\":\"ReadAction\",\"target\":[\"https:\/\/latinzona.hu\/index.php\/2024\/11\/17\/az-egyik-legkomolyabb-bunda-lehet-minden-idok-egyik-legtrukkosebb-tizenegyese\/\"]}]},{\"@type\":\"Person\",\"@id\":\"https:\/\/latinzona.hu\/#\/schema\/person\/de64af94bc35db4973955a05f752bd2d\",\"name\":\"Chileno\",\"image\":{\"@type\":\"ImageObject\",\"@id\":\"https:\/\/latinzona.hu\/#personlogo\",\"inLanguage\":\"hu\",\"url\":\"https:\/\/secure.gravatar.com\/avatar\/9a5fe6fe999607c0ed4bfce2f8ed2600?s=96&d=mm&r=g\",\"caption\":\"Chileno\"},\"sameAs\":[\"https:\/\/latinzona.hu\"]}]}<\/script>\n<!-- \/ Yoast SEO plugin. -->","_links":{"self":[{"href":"https:\/\/latinzona.hu\/index.php\/wp-json\/wp\/v2\/posts\/797"}],"collection":[{"href":"https:\/\/latinzona.hu\/index.php\/wp-json\/wp\/v2\/posts"}],"about":[{"href":"https:\/\/latinzona.hu\/index.php\/wp-json\/wp\/v2\/types\/post"}],"author":[{"embeddable":true,"href":"https:\/\/latinzona.hu\/index.php\/wp-json\/wp\/v2\/users\/1"}],"replies":[{"embeddable":true,"href":"https:\/\/latinzona.hu\/index.php\/wp-json\/wp\/v2\/comments?post=797"}],"version-history":[{"count":1,"href":"https:\/\/latinzona.hu\/index.php\/wp-json\/wp\/v2\/posts\/797\/revisions"}],"predecessor-version":[{"id":801,"href":"https:\/\/latinzona.hu\/index.php\/wp-json\/wp\/v2\/posts\/797\/revisions\/801"}],"wp:featuredmedia":[{"embeddable":true,"href":"https:\/\/latinzona.hu\/index.php\/wp-json\/wp\/v2\/media\/800"}],"wp:attachment":[{"href":"https:\/\/latinzona.hu\/index.php\/wp-json\/wp\/v2\/media?parent=797"}],"wp:term":[{"taxonomy":"category","embeddable":true,"href":"https:\/\/latinzona.hu\/index.php\/wp-json\/wp\/v2\/categories?post=797"},{"taxonomy":"post_tag","embeddable":true,"href":"https:\/\/latinzona.hu\/index.php\/wp-json\/wp\/v2\/tags?post=797"}],"curies":[{"name":"wp","href":"https:\/\/api.w.org\/{rel}","templated":true}]}}