{"id":813,"date":"2024-11-22T21:25:20","date_gmt":"2024-11-22T21:25:20","guid":{"rendered":"https:\/\/latinzona.hu\/?p=813"},"modified":"2024-11-22T21:25:21","modified_gmt":"2024-11-22T21:25:21","slug":"brutalis-sebesules-az-argentin-labdarugo-bajnoksagban","status":"publish","type":"post","link":"https:\/\/latinzona.hu\/index.php\/2024\/11\/22\/brutalis-sebesules-az-argentin-labdarugo-bajnoksagban\/","title":{"rendered":"Pablo De Blasis megr\u00e1z\u00f3 s\u00e9r\u00fcl\u00e9se Argent\u00edn\u00e1ban"},"content":{"rendered":"\n<p>Az argentin els\u0151oszt\u00e1ly\u00fa labdar\u00fag\u00f3-bajnoks\u00e1g a m\u00e1sodik szakasz\u00e1nak v\u00e9g\u00e9n\u00e9l j\u00e1r m\u00e1r. <strong>A 23. j\u00e1t\u00e9knapon a 9. helyen \u00e1ll\u00f3 Independiente fogadta hazai p\u00e1ly\u00e1n a Gimnasia csapat\u00e1t november 21-\u00e9n<\/strong>. A m\u00e9rk\u0151z\u00e9s nem volt t\u00fal magas sz\u00ednvonal\u00fa \u00e9s val\u00f3sz\u00edn\u0171leg nem is eml\u00e9kezn\u00e9nek r\u00e1 sokan, ha nem t\u00f6rt\u00e9nt volna egy baleset. A Gimnasia j\u00e1t\u00e9kosa az a Pablo De Blasis, aki \u00e9veket t\u00f6lt\u00f6tt Eur\u00f3p\u00e1ban a Mainz \u00e9s az Eibar csapataiban. Sz\u00f3val az Avellaned\u00e1ban tett l\u00e1togat\u00e1suk sor\u00e1n a j\u00e1t\u00e9kos szokatlan s\u00e9r\u00fcl\u00e9ssel tal\u00e1lta mag\u00e1t szemben. <\/p>\n\n\n\n<p>De Blasis ugyanis <a href=\"https:\/\/x.com\/AtaqueFutbolero\/status\/1860002569063661951\">belecs\u00faszott<\/a> az egyik kapufa oldal\u00e1n\u00e1l a f\u00f6ld\u00f6n l\u00e9v\u0151 egyik t\u00e1bl\u00e1nak, \u00e9s durv\u00e1n megv\u00e1gta egy kamp\u00f3, amely egy rekl\u00e1mplak\u00e1tot tartott a f\u00f6ld\u00f6n. Emiatt a k\u00f6z\u00e9pp\u00e1ly\u00e1s s\u00e9r\u00fcl\u00e9s\u00e9t \u00f6ssze kellett varrni, \u00e9s kihagyja a Lobo k\u00f6vetkez\u0151 m\u00e9rk\u0151z\u00e9seit a profi lig\u00e1ban. A m\u00e9rk\u0151z\u00e9s ut\u00e1n ismertt\u00e9 v\u00e1lt k\u00e9p, amelyen a j\u00e1t\u00e9kos kez\u00e9ben az \u00e9les hegy\u0171 kamp\u00f3t tartja, hatalmas felh\u00e1borod\u00e1st v\u00e1ltott ki. <\/p>\n\n\n\n<figure class=\"wp-block-image size-large\"><img loading=\"lazy\" width=\"734\" height=\"900\" src=\"https:\/\/latinzona.hu\/wp-content\/uploads\/2024\/11\/picture.jpg\" alt=\"\" class=\"wp-image-814\" srcset=\"https:\/\/latinzona.hu\/wp-content\/uploads\/2024\/11\/picture.jpg 734w, https:\/\/latinzona.hu\/wp-content\/uploads\/2024\/11\/picture-245x300.jpg 245w\" sizes=\"(max-width: 734px) 100vw, 734px\" \/><\/figure>\n\n\n\n<h2>Hihetetlen, hogy Pablo De Blasis baleset\u00e9t meg\u00faszta ennyivel<\/h2>\n\n\n\n<p>M\u00e9g a s\u00e9r\u00fcl\u00e9s napj\u00e1\u00e1n a vezet\u0151k panaszt tettek a t\u00f6rt\u00e9ntek miatt a Profi Liga m\u00e9rk\u0151z\u00e9sek\u00e9rt felel\u0151s titk\u00e1r\u00e1n\u00e1l. <strong>A s\u00e9r\u00fcl\u00e9s, egy k\u00f6r\u00fclbel\u00fcl 20 centim\u00e9teres v\u00e1g\u00e1s, amely t\u00f6bb mint t\u00edz \u00f6lt\u00e9st ig\u00e9nyelt, a k\u00f6vetkez\u0151 k\u00e9t m\u00e9rk\u0151z\u00e9sre (Atl\u00e9tico Tucum\u00e1n \u00e9s Boca Juniors ellen) a Gimnasia j\u00e1t\u00e9kos\u00e1t kispadra k\u00e9nyszer\u00edti. <\/strong>A legjobb esetben De Blasis a Platense elleni z\u00e1r\u00f3meccsen t\u00e9rhetne vissza. Pablo De Blasis egy\u00e9bk\u00e9nt azonnal felemelte a karj\u00e1t a f\u00e1jdalomt\u00f3l. A t\u00e9v\u00e9k\u00e9perny\u0151k\u00f6n azonnal l\u00e1that\u00f3 volt, hogy sok a v\u00e9r a s\u00e9r\u00fcl\u00e9sn\u00e9l. <\/p>\n\n\n\n<p>A v\u00e1g\u00e1s akkora volt, hogy miut\u00e1n az orvosok valamennyire \u00f6sszevarrt\u00e1k a sebet, \u00fagy d\u00f6nt\u00f6ttek, hogy ink\u00e1bb le kell cser\u00e9lni a j\u00e1t\u00e9kost. \u00c9s a Gimnasi\u00e1nak kijutott j\u00f3b\u00f3l, Lucas &#8220;el Pata&#8221; Castro bokaficam miatt hagyta el a p\u00e1ly\u00e1t. A Lobo (a Gimnasia beceneve) <a href=\"https:\/\/latinzona.hu\/index.php\/2021\/03\/07\/eltunt-egy-ismert-uruguayi-labdarugo\/\">labdar\u00fag\u00f3ja<\/a> az els\u0151 f\u00e9lid\u0151ben egy j\u00e1t\u00e9k k\u00f6zben szenvedett s\u00e9r\u00fcl\u00e9st \u00e9s a m\u00e1sodik f\u00e9lid\u0151re le kellett cser\u00e9lni.<\/p>\n","protected":false},"excerpt":{"rendered":"<div class=\"mh-excerpt\"><p>Az argentin els\u0151oszt\u00e1ly\u00fa labdar\u00fag\u00f3-bajnoks\u00e1g a m\u00e1sodik szakasz\u00e1nak v\u00e9g\u00e9n\u00e9l j\u00e1r m\u00e1r. A 23. j\u00e1t\u00e9knapon a 9. helyen \u00e1ll\u00f3 Independiente fogadta hazai p\u00e1ly\u00e1n a Gimnasia csapat\u00e1t november <a class=\"mh-excerpt-more\" href=\"https:\/\/latinzona.hu\/index.php\/2024\/11\/22\/brutalis-sebesules-az-argentin-labdarugo-bajnoksagban\/\" title=\"Pablo De Blasis megr\u00e1z\u00f3 s\u00e9r\u00fcl\u00e9se Argent\u00edn\u00e1ban\">[&#8230;]<\/a><\/p>\n<\/div>","protected":false},"author":1,"featured_media":815,"comment_status":"open","ping_status":"open","sticky":false,"template":"","format":"standard","meta":[],"categories":[24],"tags":[53],"yoast_head":"<!-- This site is optimized with the Yoast SEO plugin v15.5 - https:\/\/yoast.com\/wordpress\/plugins\/seo\/ -->\n<title>Pablo De Blasis megr\u00e1z\u00f3 s\u00e9r\u00fcl\u00e9se Argent\u00edn\u00e1ban - Latin Z\u00f3na<\/title>\n<meta name=\"description\" content=\"Megd\u00f6bbent\u0151 s\u00e9r\u00fcl\u00e9st szenvedett a j\u00f3l ismert labdar\u00fag\u00f3, Pablo De Blasis Argent\u00edn\u00e1ban. \u00c9s nem egy m\u00e1sik j\u00e1t\u00e9kos miatt.\" \/>\n<meta name=\"robots\" content=\"index, follow, max-snippet:-1, max-image-preview:large, max-video-preview:-1\" \/>\n<link rel=\"canonical\" href=\"https:\/\/latinzona.hu\/index.php\/2024\/11\/22\/brutalis-sebesules-az-argentin-labdarugo-bajnoksagban\/\" \/>\n<meta property=\"og:locale\" content=\"hu_HU\" \/>\n<meta property=\"og:type\" content=\"article\" \/>\n<meta property=\"og:title\" content=\"Pablo De Blasis megr\u00e1z\u00f3 s\u00e9r\u00fcl\u00e9se Argent\u00edn\u00e1ban - Latin Z\u00f3na\" \/>\n<meta property=\"og:description\" content=\"Megd\u00f6bbent\u0151 s\u00e9r\u00fcl\u00e9st szenvedett a j\u00f3l ismert labdar\u00fag\u00f3, Pablo De Blasis Argent\u00edn\u00e1ban. \u00c9s nem egy m\u00e1sik j\u00e1t\u00e9kos miatt.\" \/>\n<meta property=\"og:url\" content=\"https:\/\/latinzona.hu\/index.php\/2024\/11\/22\/brutalis-sebesules-az-argentin-labdarugo-bajnoksagban\/\" \/>\n<meta property=\"og:site_name\" content=\"Latin Z\u00f3na\" \/>\n<meta property=\"article:published_time\" content=\"2024-11-22T21:25:20+00:00\" \/>\n<meta property=\"article:modified_time\" content=\"2024-11-22T21:25:21+00:00\" \/>\n<meta property=\"og:image\" content=\"https:\/\/latinzona.hu\/wp-content\/uploads\/2024\/11\/gimnasia.jpg\" \/>\n\t<meta property=\"og:image:width\" content=\"1024\" \/>\n\t<meta property=\"og:image:height\" content=\"614\" \/>\n<meta name=\"twitter:card\" content=\"summary_large_image\" \/>\n<meta name=\"twitter:label1\" content=\"Becs\u00fclt olvas\u00e1si id\u0151\">\n\t<meta name=\"twitter:data1\" content=\"2 perc\">\n<script type=\"application\/ld+json\" class=\"yoast-schema-graph\">{\"@context\":\"https:\/\/schema.org\",\"@graph\":[{\"@type\":\"WebSite\",\"@id\":\"https:\/\/latinzona.hu\/#website\",\"url\":\"https:\/\/latinzona.hu\/\",\"name\":\"Latin Z\\u00f3na\",\"description\":\"Mi D\\u00e9lre is figyel\\u00fcnk...\",\"potentialAction\":[{\"@type\":\"SearchAction\",\"target\":\"https:\/\/latinzona.hu\/?s={search_term_string}\",\"query-input\":\"required name=search_term_string\"}],\"inLanguage\":\"hu\"},{\"@type\":\"ImageObject\",\"@id\":\"https:\/\/latinzona.hu\/index.php\/2024\/11\/22\/brutalis-sebesules-az-argentin-labdarugo-bajnoksagban\/#primaryimage\",\"inLanguage\":\"hu\",\"url\":\"https:\/\/latinzona.hu\/wp-content\/uploads\/2024\/11\/gimnasia.jpg\",\"width\":1024,\"height\":614},{\"@type\":\"WebPage\",\"@id\":\"https:\/\/latinzona.hu\/index.php\/2024\/11\/22\/brutalis-sebesules-az-argentin-labdarugo-bajnoksagban\/#webpage\",\"url\":\"https:\/\/latinzona.hu\/index.php\/2024\/11\/22\/brutalis-sebesules-az-argentin-labdarugo-bajnoksagban\/\",\"name\":\"Pablo De Blasis megr\\u00e1z\\u00f3 s\\u00e9r\\u00fcl\\u00e9se Argent\\u00edn\\u00e1ban - Latin Z\\u00f3na\",\"isPartOf\":{\"@id\":\"https:\/\/latinzona.hu\/#website\"},\"primaryImageOfPage\":{\"@id\":\"https:\/\/latinzona.hu\/index.php\/2024\/11\/22\/brutalis-sebesules-az-argentin-labdarugo-bajnoksagban\/#primaryimage\"},\"datePublished\":\"2024-11-22T21:25:20+00:00\",\"dateModified\":\"2024-11-22T21:25:21+00:00\",\"author\":{\"@id\":\"https:\/\/latinzona.hu\/#\/schema\/person\/de64af94bc35db4973955a05f752bd2d\"},\"description\":\"Megd\\u00f6bbent\\u0151 s\\u00e9r\\u00fcl\\u00e9st szenvedett a j\\u00f3l ismert labdar\\u00fag\\u00f3, Pablo De Blasis Argent\\u00edn\\u00e1ban. \\u00c9s nem egy m\\u00e1sik j\\u00e1t\\u00e9kos miatt.\",\"inLanguage\":\"hu\",\"potentialAction\":[{\"@type\":\"ReadAction\",\"target\":[\"https:\/\/latinzona.hu\/index.php\/2024\/11\/22\/brutalis-sebesules-az-argentin-labdarugo-bajnoksagban\/\"]}]},{\"@type\":\"Person\",\"@id\":\"https:\/\/latinzona.hu\/#\/schema\/person\/de64af94bc35db4973955a05f752bd2d\",\"name\":\"Chileno\",\"image\":{\"@type\":\"ImageObject\",\"@id\":\"https:\/\/latinzona.hu\/#personlogo\",\"inLanguage\":\"hu\",\"url\":\"https:\/\/secure.gravatar.com\/avatar\/9a5fe6fe999607c0ed4bfce2f8ed2600?s=96&d=mm&r=g\",\"caption\":\"Chileno\"},\"sameAs\":[\"https:\/\/latinzona.hu\"]}]}<\/script>\n<!-- \/ Yoast SEO plugin. -->","_links":{"self":[{"href":"https:\/\/latinzona.hu\/index.php\/wp-json\/wp\/v2\/posts\/813"}],"collection":[{"href":"https:\/\/latinzona.hu\/index.php\/wp-json\/wp\/v2\/posts"}],"about":[{"href":"https:\/\/latinzona.hu\/index.php\/wp-json\/wp\/v2\/types\/post"}],"author":[{"embeddable":true,"href":"https:\/\/latinzona.hu\/index.php\/wp-json\/wp\/v2\/users\/1"}],"replies":[{"embeddable":true,"href":"https:\/\/latinzona.hu\/index.php\/wp-json\/wp\/v2\/comments?post=813"}],"version-history":[{"count":1,"href":"https:\/\/latinzona.hu\/index.php\/wp-json\/wp\/v2\/posts\/813\/revisions"}],"predecessor-version":[{"id":816,"href":"https:\/\/latinzona.hu\/index.php\/wp-json\/wp\/v2\/posts\/813\/revisions\/816"}],"wp:featuredmedia":[{"embeddable":true,"href":"https:\/\/latinzona.hu\/index.php\/wp-json\/wp\/v2\/media\/815"}],"wp:attachment":[{"href":"https:\/\/latinzona.hu\/index.php\/wp-json\/wp\/v2\/media?parent=813"}],"wp:term":[{"taxonomy":"category","embeddable":true,"href":"https:\/\/latinzona.hu\/index.php\/wp-json\/wp\/v2\/categories?post=813"},{"taxonomy":"post_tag","embeddable":true,"href":"https:\/\/latinzona.hu\/index.php\/wp-json\/wp\/v2\/tags?post=813"}],"curies":[{"name":"wp","href":"https:\/\/api.w.org\/{rel}","templated":true}]}}