{"id":861,"date":"2024-12-03T10:15:00","date_gmt":"2024-12-03T10:15:00","guid":{"rendered":"https:\/\/latinzona.hu\/?p=861"},"modified":"2024-12-02T21:24:05","modified_gmt":"2024-12-02T21:24:05","slug":"kifejezetten-sok-azonos-nevu-europai-es-del-amerikai-focicsapat-letezik","status":"publish","type":"post","link":"https:\/\/latinzona.hu\/index.php\/2024\/12\/03\/kifejezetten-sok-azonos-nevu-europai-es-del-amerikai-focicsapat-letezik\/","title":{"rendered":"T\u00f6bb azonos nev\u0171 focicsapat D\u00e9l-Amerik\u00e1ban \u00e9s Eur\u00f3p\u00e1ban"},"content":{"rendered":"\n<p>Azt mondj\u00e1k, hogy az angolok tal\u00e1lt\u00e1k fel a labdar\u00fag\u00e1st, de a futball ir\u00e1nti szenved\u00e9lyt az argentinok. Ez n\u00e9mileg az\u00e9rt t\u00falz\u00f3, de az\u00e9rt abban van valami, hogy a futball ir\u00e1nti \u0151r\u00fclten fanatikus szenved\u00e9ly D\u00e9l-Amerik\u00e1ban sz\u00fcletett, hiszen m\u00e9g ma is ehhez a kontinenshez k\u00f6tj\u00fck a futball ir\u00e1nti szenved\u00e9ly retorikai k\u00e9p\u00e9t. Ez n\u00e9ha er\u0151szakba torkoll\u00f3 vagy ink\u00e1bb vall\u00e1ss\u00e1 v\u00e1l\u00f3 szeretet k\u00e9p\u00e9ben jelenik meg. <strong>A d\u00e9l-amerikai labdar\u00fag\u00e1sra gyakorolt eur\u00f3pai hat\u00e1s nyomai azonban k\u00f6nnyen nyomon k\u00f6vethet\u0151k, el\u00e9g csak n\u00e9h\u00e1ny csapat nev\u00e9t megl\u00e1tni.<\/strong> J\u00f6jj\u00f6n n\u00e9h\u00e1ny azonos nev\u0171 focicsapat Eur\u00f3p\u00e1b\u00f3l \u00e9s D\u00e9l-Amerik\u00e1b\u00f3l.<\/p>\n\n\n\n<h2>Arsenal F\u00fatbol Club &#8211; Argent\u00edna<\/h2>\n\n\n\n<p>Lehetetlen nem felismerni. Az Arsenal F\u00fatbol Club de Sarand\u00ec n\u00e9v az <a href=\"https:\/\/latinzona.hu\/index.php\/2024\/11\/22\/brutalis-sebesules-az-argentin-labdarugo-bajnoksagban\/\">argentin klub<\/a> alap\u00edt\u00f3inak tisztelg\u00e9se az Arsenal, London egyik legfontosabb \u00e9s legh\u00edresebb csapata el\u0151tt. <strong>Val\u00f3di indokl\u00e1s nincs: a legenda szerint a londoni klubhoz hasonl\u00f3an az Arsenal Sarand\u00ec is egy katonai l\u0151szerrakt\u00e1r k\u00f6zel\u00e9ben alakult. <\/strong>Ugyanaz a n\u00e9v, de m\u00e1s sz\u00ednek: nincs piros-feh\u00e9r, hanem helyet kapott a piros \u00e9s a k\u00e9k, a Racing \u00e9s az Independiente sz\u00ednei: a Sarand\u00ecval szomsz\u00e9dos v\u00e1ros, Avellaneda k\u00e9t csapat\u00e1nak sz\u00ednei. Egy gesztus, hogy a k\u00e9t szurkol\u00f3t\u00e1bor egyik\u00e9t se hozza szembe egym\u00e1ssal, akik m\u00e1r \u00edgy is riv\u00e1lisok egym\u00e1ssal: elv\u00e9gre m\u00e9g mindig Argent\u00edn\u00e1ban vagyunk.<\/p>\n\n\n\n<figure class=\"wp-block-image size-large\"><img loading=\"lazy\" width=\"600\" height=\"450\" src=\"https:\/\/latinzona.hu\/wp-content\/uploads\/2024\/12\/arsenal.jpg\" alt=\"\" class=\"wp-image-862\" srcset=\"https:\/\/latinzona.hu\/wp-content\/uploads\/2024\/12\/arsenal.jpg 600w, https:\/\/latinzona.hu\/wp-content\/uploads\/2024\/12\/arsenal-300x225.jpg 300w, https:\/\/latinzona.hu\/wp-content\/uploads\/2024\/12\/arsenal-326x245.jpg 326w, https:\/\/latinzona.hu\/wp-content\/uploads\/2024\/12\/arsenal-80x60.jpg 80w\" sizes=\"(max-width: 600px) 100vw, 600px\" \/><\/figure>\n\n\n\n<h3>Liverpool F\u00fatbol Club &#8211; Uruguay<\/h3>\n\n\n\n<p>K\u00e9t elm\u00e9let is l\u00e9tezik azzal kapcsolatban, hogy mi\u00e9rt viseli egy uruguayi csapat egy angol csapat nev\u00e9t, pontosabban ugyanazt a nevet latin-amerikai st\u00edlusban dekonstru\u00e1lva. A leghitelesebb egy vill\u00e1mcsap\u00e1shoz kapcsol\u00f3dik. Ezt egy kapucinus ferences szerzetesekb\u0151l \u00e1ll\u00f3 szenvedte el, amikor n\u00e9h\u00e1ny eur\u00f3pai csapat Uruguayba l\u00e1togatott az 1900-as \u00e9vek elej\u00e9n, k\u00f6zt\u00fck a Liverpool. <strong>A m\u00e1sodik verzi\u00f3 az\u00e9rt enn\u00e9l kicsit hihetetlenebb. Eszerint egy Jos\u00e9 Freire nev\u0171 katolikus pap ujj\u00e1val a f\u00f6ldg\u00f6mbre mutatott \u00e9s pont Liverpool v\u00e1ros\u00e1t tal\u00e1lta el. Nevezetesen az Egyes\u00fclt Kir\u00e1lys\u00e1g akkori legnagyobb sz\u00e9nkik\u00f6t\u0151j\u00e9t b\u00f6kte meg<\/strong>. Az, hogy az Angli\u00e1b\u00f3l Uruguayba \u00e9rkez\u0151 haj\u00f3kon is Liverpool volt a leggyakrabban visszat\u00e9r\u0151 n\u00e9v, val\u00f3ban csak a v\u00e9letlen m\u0171ve.<\/p>\n\n\n\n<h3>Everton de Vi\u00f1a del Mar &#8211; Chile<\/h3>\n\n\n\n<p>Itt nincs fant\u00e1zia, miszticizmus vagy romantika. Csak tiszta pragmatizmus, amit mindk\u00e9t f\u00e9l meger\u0151s\u00edtett. 1909-ben az Everton a Tottenhammel egy\u00fctt indult el egy bar\u00e1ts\u00e1gos m\u00e9rk\u0151z\u00e9ssorozatra, amelyet D\u00e9l-Amerik\u00e1ban j\u00e1tszottak. <strong>A chilei sajt\u00f3 nagy figyelmet szentelt a Buenos Aires, Montevideo \u00e9s Rosario k\u00f6z\u00f6tt lej\u00e1tszott m\u00e9rk\u0151z\u00e9seknek, felkeltve n\u00e9h\u00e1ny fi\u00fa figyelm\u00e9t<\/strong>. \u0150k, amikor elj\u00f6tt az id\u0151, hogy a megalap\u00edtand\u00f3 csapat nev\u00e9t v\u00e1lassz\u00e1k, az Everton nevet v\u00e1lasztott\u00e1k. Gyorsan eljutottunk 2010-ig, \u00e9s a k\u00e9t csapat bar\u00e1ts\u00e1gos m\u00e9rk\u0151z\u00e9sen n\u00e9z farkasszemet egym\u00e1ssal a Goodison Parkban. Hiszen az \u00e9vek sor\u00e1n a Ruleteros Society-nek k\u00f6sz\u00f6nhet\u0151en kialakult egy kapcsolat. Egy kapcsolat, amelynek c\u00e9lja, hogy a k\u00e9t Everton szurkol\u00f3i b\u00e1zis\u00e1t egy csoportba t\u00f6m\u00f6r\u00edtse. Ha m\u00e1r azonos nev\u0171 focicsapat a kett\u0151.<\/p>\n\n\n\n<h3>Barcelona Sporting Club &#8211; Ecuador<\/h3>\n\n\n\n<p>Eddig olyan esetekkel foglalkoztunk, amikor a n\u00e9v k\u00f6zvetlen tisztelg\u00e9s egy csapat el\u0151tt, de azt\u00e1n a sz\u00ednek \u00e9s a log\u00f3k elt\u00e9rtek az eredetit\u0151l. Ebben az esetben nem, ugyanis egy klub neve \u00e9s log\u00f3ja megegyezik a referenciacsapattal. A <a href=\"https:\/\/www.instagram.com\/p\/C6UyhFjOXxg\/\">Barcelona Sporting Clubr\u00f3l van sz\u00f3<\/a>, egy ecuadori, guayaquili sz\u00e9khely\u0171 csapatr\u00f3l, amely a legh\u00edresebb F\u00fatbol Club Barcelona nev\u00e9t \u00e9s embl\u00e9m\u00e1j\u00e1t vette \u00e1t. Ennek van azonban h\u00e1ttere is. Guayaquilban az 1800-as \u00e9vek v\u00e9g\u00e9n a vil\u00e1g egyik legjelent\u0151sebb katal\u00e1n k\u00f6z\u00f6ss\u00e9ge j\u00f6tt l\u00e9tre. \u00c9<strong>s Don Eutimio P\u00e9rez Arumi, az az ember, aki 1925. m\u00e1jus 1-j\u00e9n koordin\u00e1lta a klub megalap\u00edt\u00e1s\u00e1t \u00e9s otthon\u00e1ban rendezte meg a tagok els\u0151 tal\u00e1lkoz\u00f3j\u00e1t, val\u00f3ban barcelonai sz\u00e1rmaz\u00e1s\u00fa volt. <\/strong>A spanyol csapatt\u00f3l csak a sz\u00ednei t\u00e9rnek el, ami jelen esetben a s\u00e1rga-piros: nyilv\u00e1nval\u00f3an Katal\u00f3nia z\u00e1szlaja el\u0151tt tisztelegve.<\/p>\n\n\n\n<figure class=\"wp-block-image size-large\"><img loading=\"lazy\" width=\"736\" height=\"736\" src=\"https:\/\/latinzona.hu\/wp-content\/uploads\/2024\/12\/barcelona.jpg\" alt=\"\" class=\"wp-image-863\" srcset=\"https:\/\/latinzona.hu\/wp-content\/uploads\/2024\/12\/barcelona.jpg 736w, https:\/\/latinzona.hu\/wp-content\/uploads\/2024\/12\/barcelona-300x300.jpg 300w, https:\/\/latinzona.hu\/wp-content\/uploads\/2024\/12\/barcelona-150x150.jpg 150w\" sizes=\"(max-width: 736px) 100vw, 736px\" \/><\/figure>\n","protected":false},"excerpt":{"rendered":"<div class=\"mh-excerpt\"><p>Azt mondj\u00e1k, hogy az angolok tal\u00e1lt\u00e1k fel a labdar\u00fag\u00e1st, de a futball ir\u00e1nti szenved\u00e9lyt az argentinok. Ez n\u00e9mileg az\u00e9rt t\u00falz\u00f3, de az\u00e9rt abban van valami, <a class=\"mh-excerpt-more\" href=\"https:\/\/latinzona.hu\/index.php\/2024\/12\/03\/kifejezetten-sok-azonos-nevu-europai-es-del-amerikai-focicsapat-letezik\/\" title=\"T\u00f6bb azonos nev\u0171 focicsapat D\u00e9l-Amerik\u00e1ban \u00e9s Eur\u00f3p\u00e1ban\">[&#8230;]<\/a><\/p>\n<\/div>","protected":false},"author":1,"featured_media":864,"comment_status":"open","ping_status":"open","sticky":false,"template":"","format":"standard","meta":[],"categories":[95],"tags":[53],"yoast_head":"<!-- This site is optimized with the Yoast SEO plugin v15.5 - https:\/\/yoast.com\/wordpress\/plugins\/seo\/ -->\n<title>T\u00f6bb azonos nev\u0171 focicsapat D\u00e9l-Amerik\u00e1ban \u00e9s Eur\u00f3p\u00e1ban - Latin Z\u00f3na<\/title>\n<meta name=\"description\" content=\"Rengeteg azonos nev\u0171 focicsapat l\u00e9tezik Eur\u00f3p\u00e1ban \u00e9s D\u00e9l-Amerik\u00e1ban, mi most megmutatunk ezek k\u00f6z\u00fcl n\u00e9h\u00e1nyat.\" \/>\n<meta name=\"robots\" content=\"index, follow, max-snippet:-1, max-image-preview:large, max-video-preview:-1\" \/>\n<link rel=\"canonical\" href=\"https:\/\/latinzona.hu\/index.php\/2024\/12\/03\/kifejezetten-sok-azonos-nevu-europai-es-del-amerikai-focicsapat-letezik\/\" \/>\n<meta property=\"og:locale\" content=\"hu_HU\" \/>\n<meta property=\"og:type\" content=\"article\" \/>\n<meta property=\"og:title\" content=\"T\u00f6bb azonos nev\u0171 focicsapat D\u00e9l-Amerik\u00e1ban \u00e9s Eur\u00f3p\u00e1ban - Latin Z\u00f3na\" \/>\n<meta property=\"og:description\" content=\"Rengeteg azonos nev\u0171 focicsapat l\u00e9tezik Eur\u00f3p\u00e1ban \u00e9s D\u00e9l-Amerik\u00e1ban, mi most megmutatunk ezek k\u00f6z\u00fcl n\u00e9h\u00e1nyat.\" \/>\n<meta property=\"og:url\" content=\"https:\/\/latinzona.hu\/index.php\/2024\/12\/03\/kifejezetten-sok-azonos-nevu-europai-es-del-amerikai-focicsapat-letezik\/\" \/>\n<meta property=\"og:site_name\" content=\"Latin Z\u00f3na\" \/>\n<meta property=\"article:published_time\" content=\"2024-12-03T10:15:00+00:00\" \/>\n<meta property=\"article:modified_time\" content=\"2024-12-02T21:24:05+00:00\" \/>\n<meta property=\"og:image\" content=\"https:\/\/latinzona.hu\/wp-content\/uploads\/2024\/12\/liverpool.jpg\" \/>\n\t<meta property=\"og:image:width\" content=\"860\" \/>\n\t<meta property=\"og:image:height\" content=\"575\" \/>\n<meta name=\"twitter:card\" content=\"summary_large_image\" \/>\n<meta name=\"twitter:label1\" content=\"Becs\u00fclt olvas\u00e1si id\u0151\">\n\t<meta name=\"twitter:data1\" content=\"3 perc\">\n<script type=\"application\/ld+json\" class=\"yoast-schema-graph\">{\"@context\":\"https:\/\/schema.org\",\"@graph\":[{\"@type\":\"WebSite\",\"@id\":\"https:\/\/latinzona.hu\/#website\",\"url\":\"https:\/\/latinzona.hu\/\",\"name\":\"Latin Z\\u00f3na\",\"description\":\"Mi D\\u00e9lre is figyel\\u00fcnk...\",\"potentialAction\":[{\"@type\":\"SearchAction\",\"target\":\"https:\/\/latinzona.hu\/?s={search_term_string}\",\"query-input\":\"required name=search_term_string\"}],\"inLanguage\":\"hu\"},{\"@type\":\"ImageObject\",\"@id\":\"https:\/\/latinzona.hu\/index.php\/2024\/12\/03\/kifejezetten-sok-azonos-nevu-europai-es-del-amerikai-focicsapat-letezik\/#primaryimage\",\"inLanguage\":\"hu\",\"url\":\"https:\/\/latinzona.hu\/wp-content\/uploads\/2024\/12\/liverpool.jpg\",\"width\":860,\"height\":575},{\"@type\":\"WebPage\",\"@id\":\"https:\/\/latinzona.hu\/index.php\/2024\/12\/03\/kifejezetten-sok-azonos-nevu-europai-es-del-amerikai-focicsapat-letezik\/#webpage\",\"url\":\"https:\/\/latinzona.hu\/index.php\/2024\/12\/03\/kifejezetten-sok-azonos-nevu-europai-es-del-amerikai-focicsapat-letezik\/\",\"name\":\"T\\u00f6bb azonos nev\\u0171 focicsapat D\\u00e9l-Amerik\\u00e1ban \\u00e9s Eur\\u00f3p\\u00e1ban - Latin Z\\u00f3na\",\"isPartOf\":{\"@id\":\"https:\/\/latinzona.hu\/#website\"},\"primaryImageOfPage\":{\"@id\":\"https:\/\/latinzona.hu\/index.php\/2024\/12\/03\/kifejezetten-sok-azonos-nevu-europai-es-del-amerikai-focicsapat-letezik\/#primaryimage\"},\"datePublished\":\"2024-12-03T10:15:00+00:00\",\"dateModified\":\"2024-12-02T21:24:05+00:00\",\"author\":{\"@id\":\"https:\/\/latinzona.hu\/#\/schema\/person\/de64af94bc35db4973955a05f752bd2d\"},\"description\":\"Rengeteg azonos nev\\u0171 focicsapat l\\u00e9tezik Eur\\u00f3p\\u00e1ban \\u00e9s D\\u00e9l-Amerik\\u00e1ban, mi most megmutatunk ezek k\\u00f6z\\u00fcl n\\u00e9h\\u00e1nyat.\",\"inLanguage\":\"hu\",\"potentialAction\":[{\"@type\":\"ReadAction\",\"target\":[\"https:\/\/latinzona.hu\/index.php\/2024\/12\/03\/kifejezetten-sok-azonos-nevu-europai-es-del-amerikai-focicsapat-letezik\/\"]}]},{\"@type\":\"Person\",\"@id\":\"https:\/\/latinzona.hu\/#\/schema\/person\/de64af94bc35db4973955a05f752bd2d\",\"name\":\"Chileno\",\"image\":{\"@type\":\"ImageObject\",\"@id\":\"https:\/\/latinzona.hu\/#personlogo\",\"inLanguage\":\"hu\",\"url\":\"https:\/\/secure.gravatar.com\/avatar\/9a5fe6fe999607c0ed4bfce2f8ed2600?s=96&d=mm&r=g\",\"caption\":\"Chileno\"},\"sameAs\":[\"https:\/\/latinzona.hu\"]}]}<\/script>\n<!-- \/ Yoast SEO plugin. -->","_links":{"self":[{"href":"https:\/\/latinzona.hu\/index.php\/wp-json\/wp\/v2\/posts\/861"}],"collection":[{"href":"https:\/\/latinzona.hu\/index.php\/wp-json\/wp\/v2\/posts"}],"about":[{"href":"https:\/\/latinzona.hu\/index.php\/wp-json\/wp\/v2\/types\/post"}],"author":[{"embeddable":true,"href":"https:\/\/latinzona.hu\/index.php\/wp-json\/wp\/v2\/users\/1"}],"replies":[{"embeddable":true,"href":"https:\/\/latinzona.hu\/index.php\/wp-json\/wp\/v2\/comments?post=861"}],"version-history":[{"count":1,"href":"https:\/\/latinzona.hu\/index.php\/wp-json\/wp\/v2\/posts\/861\/revisions"}],"predecessor-version":[{"id":865,"href":"https:\/\/latinzona.hu\/index.php\/wp-json\/wp\/v2\/posts\/861\/revisions\/865"}],"wp:featuredmedia":[{"embeddable":true,"href":"https:\/\/latinzona.hu\/index.php\/wp-json\/wp\/v2\/media\/864"}],"wp:attachment":[{"href":"https:\/\/latinzona.hu\/index.php\/wp-json\/wp\/v2\/media?parent=861"}],"wp:term":[{"taxonomy":"category","embeddable":true,"href":"https:\/\/latinzona.hu\/index.php\/wp-json\/wp\/v2\/categories?post=861"},{"taxonomy":"post_tag","embeddable":true,"href":"https:\/\/latinzona.hu\/index.php\/wp-json\/wp\/v2\/tags?post=861"}],"curies":[{"name":"wp","href":"https:\/\/api.w.org\/{rel}","templated":true}]}}